{"id":61,"date":"2016-06-19T16:39:39","date_gmt":"2016-06-19T15:39:39","guid":{"rendered":"http:\/\/www.holzfachmarkt-schmitt.de\/?p=61"},"modified":"2016-06-19T16:39:39","modified_gmt":"2016-06-19T15:39:39","slug":"wintergarten","status":"publish","type":"post","link":"https:\/\/www.holzfachmarkt-schmitt.de\/?p=61","title":{"rendered":"Wintergarten"},"content":{"rendered":"<p>Ein Wintergarten macht das Haus wertvoller und das Leben luxuri\u00f6ser.<\/p>\n<p>Wer tr\u00e4umt nicht davon? Im eigenen Wintergarten sitzen, einmal zur\u00fccklehnen, die warmen Sonnenstrahlen auf der Haut sp\u00fcren und den traumhaften Ausblick in den Garten genie\u00dfen. Der eigene Wintergarten ist mit einem Elementsystem als Umgestaltung der Terrasse leicht realisierbar.<\/p>\n<p><img loading=\"lazy\" decoding=\"async\" class=\"aligncenter size-full wp-image-62\" src=\"https:\/\/www.holzfachmarkt-schmitt.de\/wp-content\/uploads\/2016\/06\/aussen-wintergarten.jpg\" alt=\"Wintergarten von au\u00dfen\" width=\"800\" height=\"533\" srcset=\"https:\/\/www.holzfachmarkt-schmitt.de\/wp-content\/uploads\/2016\/06\/aussen-wintergarten.jpg 800w, https:\/\/www.holzfachmarkt-schmitt.de\/wp-content\/uploads\/2016\/06\/aussen-wintergarten-300x200.jpg 300w, https:\/\/www.holzfachmarkt-schmitt.de\/wp-content\/uploads\/2016\/06\/aussen-wintergarten-768x512.jpg 768w\" sizes=\"auto, (max-width: 800px) 100vw, 800px\" \/>Ein begabter Hobbyhandwerker kann sich seinen Traum vom Wintergarten sogar selbst erf\u00fcllen. Bei der Zwei-Stufen-L\u00f6sung wird die vorhandene Terrasse im ersten Schritt \u00fcberdacht. Im zweiten Schritt werden die Seiten mit Glas- und Schiebet\u00fcrelementen geschlossen. Das Bauprojekt l\u00e4uft mit dieser Methode zwar \u00fcber einen l\u00e4ngeren Zeitraum, bietet aber den Vorteil der schrittweisen Finanzierung. Die Terrasse bleibt in den verschiedenen Phasen zudem nutzbar. Die Kostenersparnis bei der Zwei-Stufen-L\u00f6sung beim Bau des Wintergartens ist ein weiterer Pluspunkt. Je nach angestrebter Wintergartengr\u00f6\u00dfe ist eine Baugenehmigung erforderlich. Die Genehmigungspflicht ist von Gemeinde zu Gemeinde unterschiedlich und kann beim \u00f6rtlichen Bauamt erfragt werden.<\/p>\n<p>Beim Bau des Wintergartens ist darauf zu achten, dass der Vollw\u00e4rmeschutz des Hauses nicht besch\u00e4digt wird. Konstruktive Befestigungen m\u00fcssen so angebracht werden, dass die D\u00e4mmung nicht beeintr\u00e4chtigt wird und der Anbau dicht abschlie\u00dft. Selbstverst\u00e4ndlich d\u00fcrfen an keiner Stelle des Wintergartens Wassernester entstehen. Es ist empfehlenswert, das Holz vor Pilz- und Sch\u00e4dlingsbefall durch spezielle Anstriche zu sch\u00fctzen.<\/p>\n<p><img loading=\"lazy\" decoding=\"async\" class=\"aligncenter size-full wp-image-64\" src=\"https:\/\/www.holzfachmarkt-schmitt.de\/wp-content\/uploads\/2016\/06\/innen-wintergarten_einrichtung.jpg\" alt=\"Wintergarten von innen\" width=\"800\" height=\"533\" srcset=\"https:\/\/www.holzfachmarkt-schmitt.de\/wp-content\/uploads\/2016\/06\/innen-wintergarten_einrichtung.jpg 800w, https:\/\/www.holzfachmarkt-schmitt.de\/wp-content\/uploads\/2016\/06\/innen-wintergarten_einrichtung-300x200.jpg 300w, https:\/\/www.holzfachmarkt-schmitt.de\/wp-content\/uploads\/2016\/06\/innen-wintergarten_einrichtung-768x512.jpg 768w\" sizes=\"auto, (max-width: 800px) 100vw, 800px\" \/>Am langlebigsten sind Holz-Alu-Konstruktionen. Die tragende Konstruktion wird aus Holz gefertigt und die Alutr\u00e4ger gew\u00e4hrleisten eine stabile Verbindung der einzelnen Elemente. Herr Schmitt von Holzfachmarkt Schmitt aus Gro\u00dfeibstadt fasst die Vorteile der Nutzung von Holz beim Wintergartenbau zusammen: \u201eDie Umwelt wird geschont, da Holz ein nachwachsender Rohstoff ist. Gleichzeitig ist die Atmosph\u00e4re im Wintergarten angenehm, denn Holz strahlt Behaglichkeit und W\u00e4rme aus. Die Holzoberfl\u00e4chen k\u00f6nnen mit Lasuren im gesamten Farbenspektrum den pers\u00f6nlichen Vorstellungen angepasst werden.\u201c Der Holzfachmarkt Schmitt f\u00fchrt alle erforderlichen Elemente f\u00fcr den Bau eines Wintergartens: vom ben\u00f6tigten Holz f\u00fcr den Selbstbau oder vorgefertigte Elemente aus Holz und Aluminium \u00fcber Glaseinfassungen bis hin zu den verschiedenen Schutzanstrichen und Lasuren. Als Fachbetrieb bietet die Holzfachmarkt Schmitt aus Gro\u00dfeibstadt zudem die Komplettl\u00f6sung f\u00fcr den Wintergarten.<\/p>\n<p>Bei der Planung des Wintergartens sollte die Nutzung des zus\u00e4tzlichen Wohnraumes gut bedacht werden. Wird viel Platz f\u00fcr einen gro\u00dfen Esstisch und Sitzgelegenheiten ben\u00f6tigt? M\u00fcssen Kabel verlegt werden? Sollen Steckdosen eingebaut werden? Soll nur eine T\u00fcr in den Garten integriert werden oder ist eine Schiebeverglasung die passende L\u00f6sung?<br \/>\n<img loading=\"lazy\" decoding=\"async\" class=\"aligncenter size-full wp-image-63\" src=\"https:\/\/www.holzfachmarkt-schmitt.de\/wp-content\/uploads\/2016\/06\/innen-boden_kamin_wintergarten.jpg\" alt=\"Wintergarten mit Kamin\" width=\"800\" height=\"536\" srcset=\"https:\/\/www.holzfachmarkt-schmitt.de\/wp-content\/uploads\/2016\/06\/innen-boden_kamin_wintergarten.jpg 800w, https:\/\/www.holzfachmarkt-schmitt.de\/wp-content\/uploads\/2016\/06\/innen-boden_kamin_wintergarten-300x201.jpg 300w, https:\/\/www.holzfachmarkt-schmitt.de\/wp-content\/uploads\/2016\/06\/innen-boden_kamin_wintergarten-768x515.jpg 768w\" sizes=\"auto, (max-width: 800px) 100vw, 800px\" \/>In jedem Fall ist ein Wintergarten eine luxuri\u00f6se Erweiterung des Wohnraums. Hier l\u00e4sst sich das Leben drinnen und doch gleichzeitig drau\u00dfen im Garten noch ein St\u00fcck mehr genie\u00dfen. Und dem Fr\u00fchst\u00fcck unter freiem Himmel steht ab sofort auch im Fr\u00fchling, Herbst oder Winter nichts mehr im Wege.<\/p>\n","protected":false},"excerpt":{"rendered":"<p>Ein Wintergarten macht das Haus wertvoller und das Leben luxuri\u00f6ser. Wer tr\u00e4umt nicht davon? Im eigenen Wintergarten sitzen, einmal zur\u00fccklehnen, die warmen Sonnenstrahlen auf der Haut sp\u00fcren und den traumhaften Ausblick in den Garten genie\u00dfen. Der eigene Wintergarten ist mit &hellip; <a href=\"https:\/\/www.holzfachmarkt-schmitt.de\/?p=61\">Weiterlesen <span class=\"meta-nav\">&rarr;<\/span><\/a><\/p>\n","protected":false},"author":1,"featured_media":0,"comment_status":"closed","ping_status":"closed","sticky":false,"template":"","format":"standard","meta":{"footnotes":""},"categories":[6,5],"tags":[],"class_list":["post-61","post","type-post","status-publish","format-standard","hentry","category-aussen","category-produkte"],"_links":{"self":[{"href":"https:\/\/www.holzfachmarkt-schmitt.de\/index.php?rest_route=\/wp\/v2\/posts\/61","targetHints":{"allow":["GET"]}}],"collection":[{"href":"https:\/\/www.holzfachmarkt-schmitt.de\/index.php?rest_route=\/wp\/v2\/posts"}],"about":[{"href":"https:\/\/www.holzfachmarkt-schmitt.de\/index.php?rest_route=\/wp\/v2\/types\/post"}],"author":[{"embeddable":true,"href":"https:\/\/www.holzfachmarkt-schmitt.de\/index.php?rest_route=\/wp\/v2\/users\/1"}],"replies":[{"embeddable":true,"href":"https:\/\/www.holzfachmarkt-schmitt.de\/index.php?rest_route=%2Fwp%2Fv2%2Fcomments&post=61"}],"version-history":[{"count":1,"href":"https:\/\/www.holzfachmarkt-schmitt.de\/index.php?rest_route=\/wp\/v2\/posts\/61\/revisions"}],"predecessor-version":[{"id":65,"href":"https:\/\/www.holzfachmarkt-schmitt.de\/index.php?rest_route=\/wp\/v2\/posts\/61\/revisions\/65"}],"wp:attachment":[{"href":"https:\/\/www.holzfachmarkt-schmitt.de\/index.php?rest_route=%2Fwp%2Fv2%2Fmedia&parent=61"}],"wp:term":[{"taxonomy":"category","embeddable":true,"href":"https:\/\/www.holzfachmarkt-schmitt.de\/index.php?rest_route=%2Fwp%2Fv2%2Fcategories&post=61"},{"taxonomy":"post_tag","embeddable":true,"href":"https:\/\/www.holzfachmarkt-schmitt.de\/index.php?rest_route=%2Fwp%2Fv2%2Ftags&post=61"}],"curies":[{"name":"wp","href":"https:\/\/api.w.org\/{rel}","templated":true}]}}